{"id":1895,"date":"2021-02-19T17:16:22","date_gmt":"2021-02-19T17:16:22","guid":{"rendered":"https:\/\/eff-fill.be\/unkategorisiert\/lift-magazijn-vullen-bij-westcool\/"},"modified":"2022-05-17T19:15:01","modified_gmt":"2022-05-17T19:15:01","slug":"aufzug-lager-fuellen-bei-westcool","status":"publish","type":"post","link":"https:\/\/eff-fill.be\/de\/referenzen\/aufzug-lager-fuellen-bei-westcool\/","title":{"rendered":"Projekt 2020-11: Westcool"},"content":{"rendered":"<style>\n.project-mobileheaderimg, .project-mobiledetails {\n\tdisplay: none;\n}\n\n.project-headercontainer, .project-details {\n\tdisplay: block;\n}\n\n.project-contentcontainer {\n\twidth: 1000px!important;\n\tmax-width: 85%!important;\n\tmargin: 0 auto!important;\n}\n\n.project-headercontainer {\n\tmargin-left: calc(50% - 540px);\n\twidth: calc(100% - calc(50% - 540px))!important;\n}\n\n.project-headerimg {\n\tbackground-size: 100% auto!important;\n\twidth: 100%!important;\n\theight: 450px!important;\n}\n\n.project-row-shorttext, .project-fulltext, .project-images {\n\twidth: 100%;\n\tfloat: left;\n\tpadding-bottom: 40px;\n}\n\n.project-shorttext {\n\twidth: 55%;\n\tfloat: left;\n}\n\n.project-details, .project-mobiledetails {\n\twidth: 35%;\n\tfloat: right;\n\tbackground-color: #e79532;\n\tpadding: 20px;\n\tmargin-top: -80px;\n\tcolor: #fff;\n}\n\n.project-details h3 {\n\tmargin: 0; padding: 0;\n}\n\n.project-details h6 {\n\tfont-family: 'Zilla Slab', serif!important;\n\tfont-size: 18px!important;\n\tfont-weight: 700!important;\n\ttext-transform: capitalize;\n\tmargin: 0; padding: 0;\n\tpadding-bottom: 20px;\n}\n\n.project-img {\n\twidth: 50%;\n\tfloat: left;\n}\n\n.project-img img {\n\tdisplay: block;\n\twidth: 98%;\n\tmargin: 0 auto;\n}\n\n@media only screen and ( max-width: 980px) {\n\t.project-headercontainer, .project-details {\n\t\tdisplay: none;\n    }\n\n    .project-mobileheaderimg {\n    \tdisplay: block;\n    \twidth: 100%;\n    }\n\n    .project-mobiledetails {\n    \tdisplay: block;\n    \tfloat: left;\n    \twidth: calc(100% - 40px);\n    \tmargin: 0;\n    \tmargin-bottom: 40px;\n    \ttext-align: left;\n    }\n\n    .project-mobiledetails h3, .project-mobiledetails h6 {\n    \tdisplay: none;\n    }\n\n    .project-shorttext {\n    \twidth: 100%;\n    }\n\n    .project-contentcontainer {\n        text-align: center;\n    }\n\n    .project-img {\n    \twidth: 100%;\n    }\n\n    .project-img img {\n    \twidth: 100%;\n    \tmargin: 10px auto;\n    }\n}\n\n<\/style>\n\n\n\n<div class=\"project-headercontainer\">\n    <div class=\"project-headerimg\" style=\"background: url(https:\/\/eff-fill.be\/wp-content\/uploads\/2021\/02\/2020-11-07-08.46.31-scaled.jpg) no-repeat top left;\"><\/div>\n<\/div>\n\n<div class=\"project-contentcontainer\">\n    <div class=\"project-row-shorttext\">\n        <div class=\"project-shorttext\">\n            <h1>Aufzugslager bei Westcool f\u00fcllen \u201eMit dem Service von eff-fill k\u00f6nnen Sie sich darauf verlassen, dass alles in Ordnung kommt.&#8220;<\/h1>\n            <p><em><a href=\"https:\/\/www.westcool.be\/\" target=\"_blank\" rel=\"noopener\">Westcool<\/a> in Hooglede-Gits ist ein Vertrieb und Wartungszentrum f\u00fcr K\u00fchleinheiten f\u00fcr Lieferwagen, Lastkraftwagen und Aufleger. Das Unternehmen besch\u00e4ftigt neun Mitarbeiter. Als die Firma in ihrem Lager von einem alten, nicht automatisierten Paternosterschrank auf ein vollautomatisches Aufzugsystem umstellte, nahm es eff-fill in Anspruch. <\/em><\/p>            <img decoding=\"async\" src=\"https:\/\/eff-fill.be\/wp-content\/uploads\/2021\/02\/2020-11-07-08.46.31-scaled.jpg\" class=\"project-mobileheaderimg\" \/>\n        <\/div>\n        <div class=\"project-details\">\n            <h3>Project details<\/h3>\n            <h6>daten 2020-11<\/h6>\n\t\t\t<ul class=\"fa-ul\">\n            <li><i class=\"fa-li far fa-check-circle\"><\/i> 1 x Kardex Shuttle XP 500, gesteuert durch Carfac M<\/li>\n            <li><i class=\"fa-li far fa-check-circle\"><\/i> 53 Tablar gef\u00fcllt (3650 x 864)<\/li>\n            <li><i class=\"fa-li far fa-check-circle\"><\/i> 1458 verschiedene Teile<\/li>\n            <li><i class=\"fa-li far fa-check-circle\"><\/i> Nutzh\u00f6he: 9050 mm<\/li>\n\t\t\t<\/ul>\n        <\/div>\n    <\/div>\n    <div class=\"project-fulltext\">\n        <p>Gesch\u00e4ftsf\u00fchrer Jan Ledaine: \u201eWir kennen Jan schon lange. Bei unserer Suche nach einer neuen Lagerl\u00f6sung haben wir uns sogar noch gemeinsam ein bestimmtes System angesehen, damit er uns einige Tipps geben konnte. Es war f\u00fcr uns selbstverst\u00e4ndlich, ihn f\u00fcr die Umstellung unseres Lagers in Anspruch zu nehmen.<\/p>\n<p>\u00a0<\/p>\n<p>Anhand einer Inventarisierung aller Bestandteile f\u00fchrte Jan mit seiner eff-fill-Software die Berechnung f\u00fcr die effizienteste Lagerf\u00fcllung durch. Auf Grundlage dieser Daten kauften wir die geeigneten Beh\u00e4lter. Durch die gute Vorbereitung \u2012 Jan sorgte selbst f\u00fcr die vorgedruckten Aufkleber f\u00fcr die Beh\u00e4lter \u2012 konnten wir alle Bestandteile an einem Tag \u00fcbersiedeln. Es war wirklich eine Erleichterung, dass alles perfekt hineinpasste. Das System funktioniert perfekt.<\/p>\n<p>\u00a0<\/p>\n<p>Ich habe die Dienste von Jan schon oft an Mitbewerber empfohlen, weil ich aufrichtig sehr zufrieden mit seiner Arbeit bin. Mit Jan kann man sich darauf verlassen, dass alles in Ordnung kommt. Er arbeitet sehr ordentlich und strukturiert, wei\u00df sehr gut, was er tut und hat viel Erfahrung. Auch die Tatsache, dass er mit einem eigenen Softwareprogramm arbeitet, halte ich f\u00fcr einen echten Mehrwert. Er kennt sie in- und auswendig.&#8220;<\/p>    <\/div>\n    <div class=\"project-mobiledetails\">\n        <h3>Project details<\/h3>\n        <h6>Datum 2020-11<\/h6>\n            <i class=\"far fa-check-circle\"><\/i> 1 x Kardex Shuttle XP 500, gesteuert durch Carfac M <br \/>\n            <i class=\"far fa-check-circle\"><\/i> 53 Tablar gef\u00fcllt (3650 x 864) <br \/>\n            <i class=\"far fa-check-circle\"><\/i> 1458 verschiedene Teile <br \/>\n            <i class=\"far fa-check-circle\"><\/i> Nutzh\u00f6he: 9050 mm <br \/>\n    <\/div>\n    <div class=\"project-images\">\n        <div class=\"project-img leftimg\">\n\t\t\t<a href=\"https:\/\/eff-fill.be\/wp-content\/uploads\/2021\/02\/2020-11-07-14.10.16-scaled.jpg\" class=\"et_pb_lightbox_image\" title=\"\">\n\t\t\t\t<span class=\"et_pb_image_wrap \">\n\t\t\t\t\t<img decoding=\"async\" src=\"https:\/\/eff-fill.be\/wp-content\/uploads\/2021\/02\/2020-11-07-14.10.16-scaled.jpg\" alt=\"Aufzugslager f\u00fcllen \" \/>\n\t\t\t\t<\/span>\n            <\/a>\n        <\/div>\n        <div class=\"project-img rightimg\">\n\t\t\t<a href=\"https:\/\/eff-fill.be\/wp-content\/uploads\/2021\/02\/2020-11-07-18.10.39-scaled.jpg\" class=\"et_pb_lightbox_image\" title=\"\">\n\t\t\t\t<span class=\"et_pb_image_wrap \">\n            \t\t<img decoding=\"async\" src=\"https:\/\/eff-fill.be\/wp-content\/uploads\/2021\/02\/2020-11-07-18.10.39-scaled.jpg\" alt=\"filled with eff-fill\" \/>\n\t\t\t\t<\/span>\n            <\/a>\n        <\/div>\n    <\/div>\n\t<div id=\"realisatie_nav\">\n\t\t\t\t\n\t\t\t\t\t<div class=\"next-realisatie nav_button\">\n\t\t\t\t<a href=\"https:\/\/eff-fill.be\/de\/referenzen\/normal-de\/project-2021-05-stadtwerke-schorndorf\/\" class=\"btn\">Project 2021-05: Stadtwerke Schorndorf<\/a>\n\t\t\t<\/div>\n\t\t\n\t\t\t\t\t<div class=\"previous-timeline nav_button\">\n\t\t\t\t<a href=\"https:\/\/eff-fill.be\/de\/referenzen\/verhuis-technische-groothandel-post\/\" class=\"btn\">Projekt 2020-06: Tech. Groothandel POST<\/a>                          \n\t\t\t<\/div>\n\t\t\n\t\t\n\t\t\n\n\t\t\n\t<\/div>\n\t<div class=\"project-row-shorttext\">\n\t\t<a class=\"btn-reference backbtn\" href=\"..\/\">Zur\u00fcck zum projekten<\/a>\n\t<\/div>\n<\/div>\n\n\n\n<p><\/p>\n","protected":false},"excerpt":{"rendered":"<p>Machine: 1 x Kardex Shuttle XP 500<br \/>\nSoftware: Carfac M<\/p>\n","protected":false},"author":5,"featured_media":1870,"comment_status":"closed","ping_status":"closed","sticky":false,"template":"","format":"standard","meta":{"_et_pb_use_builder":"off","_et_pb_old_content":"","_et_gb_content_width":"","_monsterinsights_skip_tracking":false,"_monsterinsights_sitenote_active":false,"_monsterinsights_sitenote_note":"","_monsterinsights_sitenote_category":0,"footnotes":""},"categories":[41,39],"tags":[],"class_list":["post-1895","post","type-post","status-publish","format-standard","has-post-thumbnail","hentry","category-normal-de","category-referenzen"],"yoast_head":"<!-- This site is optimized with the Yoast SEO plugin v27.5 - https:\/\/yoast.com\/product\/yoast-seo-wordpress\/ -->\n<title>Projekt 2020-11: Westcool - Eff Fill<\/title>\n<meta name=\"robots\" content=\"index, follow, max-snippet:-1, max-image-preview:large, max-video-preview:-1\" \/>\n<link rel=\"canonical\" href=\"https:\/\/eff-fill.be\/de\/referenzen\/aufzug-lager-fuellen-bei-westcool\/\" \/>\n<meta property=\"og:locale\" content=\"de_DE\" \/>\n<meta property=\"og:type\" content=\"article\" \/>\n<meta property=\"og:title\" content=\"Projekt 2020-11: Westcool - Eff Fill\" \/>\n<meta property=\"og:description\" content=\"Machine: 1 x Kardex Shuttle XP 500 Software: Carfac M\" \/>\n<meta property=\"og:url\" content=\"https:\/\/eff-fill.be\/de\/referenzen\/aufzug-lager-fuellen-bei-westcool\/\" \/>\n<meta property=\"og:site_name\" content=\"Eff Fill\" \/>\n<meta property=\"article:published_time\" content=\"2021-02-19T17:16:22+00:00\" \/>\n<meta property=\"article:modified_time\" content=\"2022-05-17T19:15:01+00:00\" \/>\n<meta property=\"og:image\" content=\"https:\/\/eff-fill.be\/wp-content\/uploads\/2021\/02\/2020-11-07-08.46.31-scaled.jpg\" \/>\n\t<meta property=\"og:image:width\" content=\"2560\" \/>\n\t<meta property=\"og:image:height\" content=\"1440\" \/>\n\t<meta property=\"og:image:type\" content=\"image\/jpeg\" \/>\n<meta name=\"author\" content=\"Jan De Graeve\" \/>\n<meta name=\"twitter:card\" content=\"summary_large_image\" \/>\n<meta name=\"twitter:label1\" content=\"Verfasst von\" \/>\n\t<meta name=\"twitter:data1\" content=\"Jan De Graeve\" \/>\n<script type=\"application\/ld+json\" class=\"yoast-schema-graph\">{\"@context\":\"https:\\\/\\\/schema.org\",\"@graph\":[{\"@type\":\"Article\",\"@id\":\"https:\\\/\\\/eff-fill.be\\\/de\\\/referenzen\\\/aufzug-lager-fuellen-bei-westcool\\\/#article\",\"isPartOf\":{\"@id\":\"https:\\\/\\\/eff-fill.be\\\/de\\\/referenzen\\\/aufzug-lager-fuellen-bei-westcool\\\/\"},\"author\":{\"name\":\"Jan De Graeve\",\"@id\":\"https:\\\/\\\/eff-fill.be\\\/de\\\/#\\\/schema\\\/person\\\/937248912db4ca50029656ae20021d95\"},\"headline\":\"Projekt 2020-11: Westcool\",\"datePublished\":\"2021-02-19T17:16:22+00:00\",\"dateModified\":\"2022-05-17T19:15:01+00:00\",\"mainEntityOfPage\":{\"@id\":\"https:\\\/\\\/eff-fill.be\\\/de\\\/referenzen\\\/aufzug-lager-fuellen-bei-westcool\\\/\"},\"wordCount\":3,\"publisher\":{\"@id\":\"https:\\\/\\\/eff-fill.be\\\/de\\\/#organization\"},\"image\":{\"@id\":\"https:\\\/\\\/eff-fill.be\\\/de\\\/referenzen\\\/aufzug-lager-fuellen-bei-westcool\\\/#primaryimage\"},\"thumbnailUrl\":\"https:\\\/\\\/eff-fill.be\\\/wp-content\\\/uploads\\\/2021\\\/02\\\/2020-11-07-08.46.31-scaled.jpg\",\"articleSection\":[\"Normal\",\"Referenzen\"],\"inLanguage\":\"de\"},{\"@type\":\"WebPage\",\"@id\":\"https:\\\/\\\/eff-fill.be\\\/de\\\/referenzen\\\/aufzug-lager-fuellen-bei-westcool\\\/\",\"url\":\"https:\\\/\\\/eff-fill.be\\\/de\\\/referenzen\\\/aufzug-lager-fuellen-bei-westcool\\\/\",\"name\":\"Projekt 2020-11: Westcool - Eff Fill\",\"isPartOf\":{\"@id\":\"https:\\\/\\\/eff-fill.be\\\/de\\\/#website\"},\"primaryImageOfPage\":{\"@id\":\"https:\\\/\\\/eff-fill.be\\\/de\\\/referenzen\\\/aufzug-lager-fuellen-bei-westcool\\\/#primaryimage\"},\"image\":{\"@id\":\"https:\\\/\\\/eff-fill.be\\\/de\\\/referenzen\\\/aufzug-lager-fuellen-bei-westcool\\\/#primaryimage\"},\"thumbnailUrl\":\"https:\\\/\\\/eff-fill.be\\\/wp-content\\\/uploads\\\/2021\\\/02\\\/2020-11-07-08.46.31-scaled.jpg\",\"datePublished\":\"2021-02-19T17:16:22+00:00\",\"dateModified\":\"2022-05-17T19:15:01+00:00\",\"breadcrumb\":{\"@id\":\"https:\\\/\\\/eff-fill.be\\\/de\\\/referenzen\\\/aufzug-lager-fuellen-bei-westcool\\\/#breadcrumb\"},\"inLanguage\":\"de\",\"potentialAction\":[{\"@type\":\"ReadAction\",\"target\":[\"https:\\\/\\\/eff-fill.be\\\/de\\\/referenzen\\\/aufzug-lager-fuellen-bei-westcool\\\/\"]}]},{\"@type\":\"ImageObject\",\"inLanguage\":\"de\",\"@id\":\"https:\\\/\\\/eff-fill.be\\\/de\\\/referenzen\\\/aufzug-lager-fuellen-bei-westcool\\\/#primaryimage\",\"url\":\"https:\\\/\\\/eff-fill.be\\\/wp-content\\\/uploads\\\/2021\\\/02\\\/2020-11-07-08.46.31-scaled.jpg\",\"contentUrl\":\"https:\\\/\\\/eff-fill.be\\\/wp-content\\\/uploads\\\/2021\\\/02\\\/2020-11-07-08.46.31-scaled.jpg\",\"width\":2560,\"height\":1440},{\"@type\":\"BreadcrumbList\",\"@id\":\"https:\\\/\\\/eff-fill.be\\\/de\\\/referenzen\\\/aufzug-lager-fuellen-bei-westcool\\\/#breadcrumb\",\"itemListElement\":[{\"@type\":\"ListItem\",\"position\":1,\"name\":\"Home\",\"item\":\"https:\\\/\\\/eff-fill.be\\\/de\\\/\"},{\"@type\":\"ListItem\",\"position\":2,\"name\":\"Projekt 2020-11: Westcool\"}]},{\"@type\":\"WebSite\",\"@id\":\"https:\\\/\\\/eff-fill.be\\\/de\\\/#website\",\"url\":\"https:\\\/\\\/eff-fill.be\\\/de\\\/\",\"name\":\"Eff Fill\",\"description\":\"Eff Fill\",\"publisher\":{\"@id\":\"https:\\\/\\\/eff-fill.be\\\/de\\\/#organization\"},\"potentialAction\":[{\"@type\":\"SearchAction\",\"target\":{\"@type\":\"EntryPoint\",\"urlTemplate\":\"https:\\\/\\\/eff-fill.be\\\/de\\\/?s={search_term_string}\"},\"query-input\":{\"@type\":\"PropertyValueSpecification\",\"valueRequired\":true,\"valueName\":\"search_term_string\"}}],\"inLanguage\":\"de\"},{\"@type\":\"Organization\",\"@id\":\"https:\\\/\\\/eff-fill.be\\\/de\\\/#organization\",\"name\":\"Eff-fill\",\"url\":\"https:\\\/\\\/eff-fill.be\\\/de\\\/\",\"logo\":{\"@type\":\"ImageObject\",\"inLanguage\":\"de\",\"@id\":\"https:\\\/\\\/eff-fill.be\\\/de\\\/#\\\/schema\\\/logo\\\/image\\\/\",\"url\":\"https:\\\/\\\/eff-fill.be\\\/wp-content\\\/uploads\\\/2020\\\/04\\\/cropped-logo-1.png\",\"contentUrl\":\"https:\\\/\\\/eff-fill.be\\\/wp-content\\\/uploads\\\/2020\\\/04\\\/cropped-logo-1.png\",\"width\":535,\"height\":255,\"caption\":\"Eff-fill\"},\"image\":{\"@id\":\"https:\\\/\\\/eff-fill.be\\\/de\\\/#\\\/schema\\\/logo\\\/image\\\/\"}},{\"@type\":\"Person\",\"@id\":\"https:\\\/\\\/eff-fill.be\\\/de\\\/#\\\/schema\\\/person\\\/937248912db4ca50029656ae20021d95\",\"name\":\"Jan De Graeve\",\"image\":{\"@type\":\"ImageObject\",\"inLanguage\":\"de\",\"@id\":\"https:\\\/\\\/secure.gravatar.com\\\/avatar\\\/134247598fd90827ada66ad608190f487ff8e7c3546f07153e2520a2a71c2774?s=96&d=mm&r=g\",\"url\":\"https:\\\/\\\/secure.gravatar.com\\\/avatar\\\/134247598fd90827ada66ad608190f487ff8e7c3546f07153e2520a2a71c2774?s=96&d=mm&r=g\",\"contentUrl\":\"https:\\\/\\\/secure.gravatar.com\\\/avatar\\\/134247598fd90827ada66ad608190f487ff8e7c3546f07153e2520a2a71c2774?s=96&d=mm&r=g\",\"caption\":\"Jan De Graeve\"},\"sameAs\":[\"http:\\\/\\\/www.jandegraeve.be\"]}]}<\/script>\n<!-- \/ Yoast SEO plugin. -->","yoast_head_json":{"title":"Projekt 2020-11: Westcool - Eff Fill","robots":{"index":"index","follow":"follow","max-snippet":"max-snippet:-1","max-image-preview":"max-image-preview:large","max-video-preview":"max-video-preview:-1"},"canonical":"https:\/\/eff-fill.be\/de\/referenzen\/aufzug-lager-fuellen-bei-westcool\/","og_locale":"de_DE","og_type":"article","og_title":"Projekt 2020-11: Westcool - Eff Fill","og_description":"Machine: 1 x Kardex Shuttle XP 500 Software: Carfac M","og_url":"https:\/\/eff-fill.be\/de\/referenzen\/aufzug-lager-fuellen-bei-westcool\/","og_site_name":"Eff Fill","article_published_time":"2021-02-19T17:16:22+00:00","article_modified_time":"2022-05-17T19:15:01+00:00","og_image":[{"width":2560,"height":1440,"url":"https:\/\/eff-fill.be\/wp-content\/uploads\/2021\/02\/2020-11-07-08.46.31-scaled.jpg","type":"image\/jpeg"}],"author":"Jan De Graeve","twitter_card":"summary_large_image","twitter_misc":{"Verfasst von":"Jan De Graeve"},"schema":{"@context":"https:\/\/schema.org","@graph":[{"@type":"Article","@id":"https:\/\/eff-fill.be\/de\/referenzen\/aufzug-lager-fuellen-bei-westcool\/#article","isPartOf":{"@id":"https:\/\/eff-fill.be\/de\/referenzen\/aufzug-lager-fuellen-bei-westcool\/"},"author":{"name":"Jan De Graeve","@id":"https:\/\/eff-fill.be\/de\/#\/schema\/person\/937248912db4ca50029656ae20021d95"},"headline":"Projekt 2020-11: Westcool","datePublished":"2021-02-19T17:16:22+00:00","dateModified":"2022-05-17T19:15:01+00:00","mainEntityOfPage":{"@id":"https:\/\/eff-fill.be\/de\/referenzen\/aufzug-lager-fuellen-bei-westcool\/"},"wordCount":3,"publisher":{"@id":"https:\/\/eff-fill.be\/de\/#organization"},"image":{"@id":"https:\/\/eff-fill.be\/de\/referenzen\/aufzug-lager-fuellen-bei-westcool\/#primaryimage"},"thumbnailUrl":"https:\/\/eff-fill.be\/wp-content\/uploads\/2021\/02\/2020-11-07-08.46.31-scaled.jpg","articleSection":["Normal","Referenzen"],"inLanguage":"de"},{"@type":"WebPage","@id":"https:\/\/eff-fill.be\/de\/referenzen\/aufzug-lager-fuellen-bei-westcool\/","url":"https:\/\/eff-fill.be\/de\/referenzen\/aufzug-lager-fuellen-bei-westcool\/","name":"Projekt 2020-11: Westcool - Eff Fill","isPartOf":{"@id":"https:\/\/eff-fill.be\/de\/#website"},"primaryImageOfPage":{"@id":"https:\/\/eff-fill.be\/de\/referenzen\/aufzug-lager-fuellen-bei-westcool\/#primaryimage"},"image":{"@id":"https:\/\/eff-fill.be\/de\/referenzen\/aufzug-lager-fuellen-bei-westcool\/#primaryimage"},"thumbnailUrl":"https:\/\/eff-fill.be\/wp-content\/uploads\/2021\/02\/2020-11-07-08.46.31-scaled.jpg","datePublished":"2021-02-19T17:16:22+00:00","dateModified":"2022-05-17T19:15:01+00:00","breadcrumb":{"@id":"https:\/\/eff-fill.be\/de\/referenzen\/aufzug-lager-fuellen-bei-westcool\/#breadcrumb"},"inLanguage":"de","potentialAction":[{"@type":"ReadAction","target":["https:\/\/eff-fill.be\/de\/referenzen\/aufzug-lager-fuellen-bei-westcool\/"]}]},{"@type":"ImageObject","inLanguage":"de","@id":"https:\/\/eff-fill.be\/de\/referenzen\/aufzug-lager-fuellen-bei-westcool\/#primaryimage","url":"https:\/\/eff-fill.be\/wp-content\/uploads\/2021\/02\/2020-11-07-08.46.31-scaled.jpg","contentUrl":"https:\/\/eff-fill.be\/wp-content\/uploads\/2021\/02\/2020-11-07-08.46.31-scaled.jpg","width":2560,"height":1440},{"@type":"BreadcrumbList","@id":"https:\/\/eff-fill.be\/de\/referenzen\/aufzug-lager-fuellen-bei-westcool\/#breadcrumb","itemListElement":[{"@type":"ListItem","position":1,"name":"Home","item":"https:\/\/eff-fill.be\/de\/"},{"@type":"ListItem","position":2,"name":"Projekt 2020-11: Westcool"}]},{"@type":"WebSite","@id":"https:\/\/eff-fill.be\/de\/#website","url":"https:\/\/eff-fill.be\/de\/","name":"Eff Fill","description":"Eff Fill","publisher":{"@id":"https:\/\/eff-fill.be\/de\/#organization"},"potentialAction":[{"@type":"SearchAction","target":{"@type":"EntryPoint","urlTemplate":"https:\/\/eff-fill.be\/de\/?s={search_term_string}"},"query-input":{"@type":"PropertyValueSpecification","valueRequired":true,"valueName":"search_term_string"}}],"inLanguage":"de"},{"@type":"Organization","@id":"https:\/\/eff-fill.be\/de\/#organization","name":"Eff-fill","url":"https:\/\/eff-fill.be\/de\/","logo":{"@type":"ImageObject","inLanguage":"de","@id":"https:\/\/eff-fill.be\/de\/#\/schema\/logo\/image\/","url":"https:\/\/eff-fill.be\/wp-content\/uploads\/2020\/04\/cropped-logo-1.png","contentUrl":"https:\/\/eff-fill.be\/wp-content\/uploads\/2020\/04\/cropped-logo-1.png","width":535,"height":255,"caption":"Eff-fill"},"image":{"@id":"https:\/\/eff-fill.be\/de\/#\/schema\/logo\/image\/"}},{"@type":"Person","@id":"https:\/\/eff-fill.be\/de\/#\/schema\/person\/937248912db4ca50029656ae20021d95","name":"Jan De Graeve","image":{"@type":"ImageObject","inLanguage":"de","@id":"https:\/\/secure.gravatar.com\/avatar\/134247598fd90827ada66ad608190f487ff8e7c3546f07153e2520a2a71c2774?s=96&d=mm&r=g","url":"https:\/\/secure.gravatar.com\/avatar\/134247598fd90827ada66ad608190f487ff8e7c3546f07153e2520a2a71c2774?s=96&d=mm&r=g","contentUrl":"https:\/\/secure.gravatar.com\/avatar\/134247598fd90827ada66ad608190f487ff8e7c3546f07153e2520a2a71c2774?s=96&d=mm&r=g","caption":"Jan De Graeve"},"sameAs":["http:\/\/www.jandegraeve.be"]}]}},"_links":{"self":[{"href":"https:\/\/eff-fill.be\/de\/wp-json\/wp\/v2\/posts\/1895","targetHints":{"allow":["GET"]}}],"collection":[{"href":"https:\/\/eff-fill.be\/de\/wp-json\/wp\/v2\/posts"}],"about":[{"href":"https:\/\/eff-fill.be\/de\/wp-json\/wp\/v2\/types\/post"}],"author":[{"embeddable":true,"href":"https:\/\/eff-fill.be\/de\/wp-json\/wp\/v2\/users\/5"}],"replies":[{"embeddable":true,"href":"https:\/\/eff-fill.be\/de\/wp-json\/wp\/v2\/comments?post=1895"}],"version-history":[{"count":3,"href":"https:\/\/eff-fill.be\/de\/wp-json\/wp\/v2\/posts\/1895\/revisions"}],"predecessor-version":[{"id":2051,"href":"https:\/\/eff-fill.be\/de\/wp-json\/wp\/v2\/posts\/1895\/revisions\/2051"}],"wp:featuredmedia":[{"embeddable":true,"href":"https:\/\/eff-fill.be\/de\/wp-json\/wp\/v2\/media\/1870"}],"wp:attachment":[{"href":"https:\/\/eff-fill.be\/de\/wp-json\/wp\/v2\/media?parent=1895"}],"wp:term":[{"taxonomy":"category","embeddable":true,"href":"https:\/\/eff-fill.be\/de\/wp-json\/wp\/v2\/categories?post=1895"},{"taxonomy":"post_tag","embeddable":true,"href":"https:\/\/eff-fill.be\/de\/wp-json\/wp\/v2\/tags?post=1895"}],"curies":[{"name":"wp","href":"https:\/\/api.w.org\/{rel}","templated":true}]}}